{"id":2274,"date":"2019-08-13T07:38:06","date_gmt":"2019-08-13T07:38:06","guid":{"rendered":"https:\/\/www.carandclassic.co.uk\/magazine\/?p=2274"},"modified":"2024-09-12T10:24:04","modified_gmt":"2024-09-12T09:24:04","slug":"1969-citroen-id-20f-classified-of-the-week","status":"publish","type":"post","link":"https:\/\/www.carandclassic.com\/magazine\/1969-citroen-id-20f-classified-of-the-week\/","title":{"rendered":"1969 Citroen ID 20F &#8211; Classified of the Week"},"content":{"rendered":"<p><span style=\"font-weight: 400;\">When you think of a classic <a href=\"https:\/\/www.carandclassic.co.uk\/list\/15\/\">Citr\u00f6en<\/a> it\u2019s a given that you\u2019re going to jump right to the DS. However, the DS was a hugely expensive car, especially when compared to its predecessor, the Traction Avant. As such, <a href=\"https:\/\/www.carandclassic.co.uk\/list\/15\/\">Citr\u00f6en<\/a> had to do something to bridge the gap so as to avoid scaring customers off. Rather than build an entirely new car to slot into the middle of the model range, Citr\u00f6en instead decided to offer a base-model DS, which would go on to be known as the <a href=\"https:\/\/www.carandclassic.co.uk\/car\/C1143333\">Citr\u00f6en ID<\/a>. It looked like a DS, but it was more basic in its construction, less luxurious in terms of trim, and it came with a smidgen less power than its DS brother.&nbsp;<\/span><\/p>\n<p><span style=\"font-weight: 400;\">Of course, as the years have gone on, these \u2018poverty\u2019 specification cars have been all but forgotten, with classic enthusiasts favouring the leather-laden DS. Low-specification cars seldom survive to reach classic status given their workaday standing, which is what makes this week\u2019s classified of choice so special, because it is one of those rare ID models. Not only that, it\u2019s a Break, or estate to use the British vernacular. And now, decades on, we don\u2019t see it as being low in specification. Instead, it\u2019s a charming, simple and easy to live with classic that offers more practicality than any modern family hauler. As the seller says, this car has \u201cthe miracle of space\u201d.<\/span><\/p>\n<p><a href=\"https:\/\/www.carandclassic.co.uk\/car\/C1143333\"><img decoding=\"async\" loading=\"lazy\" class=\"alignnone size-full wp-image-2277\" src=\"https:\/\/www.carandclassic.co.uk\/magazine\/app\/uploads\/2019\/08\/11904511.jpg\" alt=\"Citr\u00f6en, Citr\u00f6en DS, Citr\u00f6en ID, DS, ID, Break, Safari, Classified of the Week\" width=\"1200\" height=\"900\" srcset=\"https:\/\/www.carandclassic.com\/magazine\/app\/uploads\/2019\/08\/11904511.jpg 1200w, https:\/\/www.carandclassic.com\/magazine\/app\/uploads\/2019\/08\/11904511-800x600.jpg 800w, https:\/\/www.carandclassic.com\/magazine\/app\/uploads\/2019\/08\/11904511-768x576.jpg 768w, https:\/\/www.carandclassic.com\/magazine\/app\/uploads\/2019\/08\/11904511-765x574.jpg 765w, https:\/\/www.carandclassic.com\/magazine\/app\/uploads\/2019\/08\/11904511-1020x765.jpg 1020w\" sizes=\"(max-width: 1200px) 100vw, 1200px\" \/><\/a><\/p>\n<p><span style=\"font-weight: 400;\">This particular ID is a 20F model, meaning it has a 2.0 petrol engine. It also, unusually for this specification, has power steering (most IDs didn\u2019t have this). It looks to be in remarkably good condition. Rust and deep-set rot is a real problem for the DS\/ID range, as these cars can and will rot to their very core. However, this car seems to be incredibly solid and rust free. It\u2019s also pleasingly immaculate inside. The basic trim seems to be made of hardy stuff, as there\u2019s not a mark on it. It\u2019s almost showroom fresh, but then the car does only have an alleged 4,000km on the clock.<\/span><\/p>\n<p><span style=\"font-weight: 400;\">You have two bench seats, meaning six can sit in comfort. But if you have extra passengers, there is further seating for two in the massive boot. And don\u2019t worry, the ID came with roof racks, so you won\u2019t lose any storage space. With the rack and empty boot, this big old Citr\u00f6en could make Pickfords sweat &#8211; vast amounts of storage are at your disposal.<\/span><\/p>\n<p><a href=\"https:\/\/www.carandclassic.co.uk\/car\/C1143333\"><img decoding=\"async\" loading=\"lazy\" class=\"alignnone size-full wp-image-2276\" src=\"https:\/\/www.carandclassic.co.uk\/magazine\/app\/uploads\/2019\/08\/11904491.jpg\" alt=\"Citr\u00f6en, Citr\u00f6en DS, Citr\u00f6en ID, DS, ID, Break, Safari, Classified of the Week\" width=\"1200\" height=\"900\" srcset=\"https:\/\/www.carandclassic.com\/magazine\/app\/uploads\/2019\/08\/11904491.jpg 1200w, https:\/\/www.carandclassic.com\/magazine\/app\/uploads\/2019\/08\/11904491-800x600.jpg 800w, https:\/\/www.carandclassic.com\/magazine\/app\/uploads\/2019\/08\/11904491-768x576.jpg 768w, https:\/\/www.carandclassic.com\/magazine\/app\/uploads\/2019\/08\/11904491-765x574.jpg 765w, https:\/\/www.carandclassic.com\/magazine\/app\/uploads\/2019\/08\/11904491-1020x765.jpg 1020w\" sizes=\"(max-width: 1200px) 100vw, 1200px\" \/><\/a><\/p>\n<p><span style=\"font-weight: 400;\">The vendor, who is based in Germany, proclaims that the 2.0 engine is in fine condition, it pulls well and the column-mounted gearchange is direct and light. He also states that the brakes and power steering work perfectly. Adding to this, the hydropneumatic suspension is in rude health, raising and lowering the car with a pleasing keenness and without a drop of fluid being lost in the process.&nbsp;<\/span><\/p>\n<p><span style=\"font-weight: 400;\">This is a wonderful car, and one that despite being a classic, is remarkably hardy. You could draft this in to family use without concern. You have to remember that these cars have famously taken on terrain all around the globe without any cause for concern. This is a classic you can use, it\u2019s one that will be immensely practical and being an ID rather than a DS, it\u2019s also got a huge dollop of exclusivity going for it, too. And all for just \u00a327,969. We\u2019re willing to bet you won\u2019t find another in this condition and with this mileage. <\/span><\/p>\n","protected":false},"excerpt":{"rendered":"<p>When you think of a classic Citr\u00f6en it\u2019s a given that you\u2019re going to jump right to the DS. However, the DS was a hugely expensive car, especially when compared&#8230;<\/p>\n","protected":false},"author":36,"featured_media":2275,"comment_status":"open","ping_status":"open","sticky":false,"template":"","format":"standard","meta":{"ngg_post_thumbnail":0},"categories":[93],"tags":[772,12,13,47,627,770,264,628,771,773],"yoast_head":"<!-- This site is optimized with the Yoast SEO plugin v20.10 - https:\/\/yoast.com\/wordpress\/plugins\/seo\/ -->\n<title>1969 Citroen ID 20F - Classified of the Week - Car &amp; Classic Magazine<\/title>\n<meta name=\"description\" content=\"Need a classic that&#039;s beautiful, unique and more practical than a giant van? What you need, then, is this Citr\u00f6en ID Break...\" \/>\n<meta name=\"robots\" content=\"index, follow, max-snippet:-1, max-image-preview:large, max-video-preview:-1\" \/>\n<link rel=\"canonical\" href=\"https:\/\/www.carandclassic.com\/magazine\/1969-citroen-id-20f-classified-of-the-week\/\" \/>\n<meta property=\"og:locale\" content=\"en_US\" \/>\n<meta property=\"og:type\" content=\"article\" \/>\n<meta property=\"og:title\" content=\"1969 Citroen ID 20F - Classified of the Week - Car &amp; Classic Magazine\" \/>\n<meta property=\"og:description\" content=\"Need a classic that&#039;s beautiful, unique and more practical than a giant van? What you need, then, is this Citr\u00f6en ID Break...\" \/>\n<meta property=\"og:url\" content=\"https:\/\/www.carandclassic.com\/magazine\/1969-citroen-id-20f-classified-of-the-week\/\" \/>\n<meta property=\"og:site_name\" content=\"Car &amp; Classic Magazine\" \/>\n<meta property=\"article:published_time\" content=\"2019-08-13T07:38:06+00:00\" \/>\n<meta property=\"article:modified_time\" content=\"2024-09-12T09:24:04+00:00\" \/>\n<meta property=\"og:image\" content=\"https:\/\/www.carandclassic.com\/magazine\/app\/uploads\/2019\/08\/11904487.jpg\" \/>\n\t<meta property=\"og:image:width\" content=\"1200\" \/>\n\t<meta property=\"og:image:height\" content=\"900\" \/>\n\t<meta property=\"og:image:type\" content=\"image\/jpeg\" \/>\n<meta name=\"author\" content=\"Car &amp; Classic\" \/>\n<meta name=\"twitter:card\" content=\"summary_large_image\" \/>\n<meta name=\"twitter:label1\" content=\"Written by\" \/>\n\t<meta name=\"twitter:data1\" content=\"Car &amp; Classic\" \/>\n\t<meta name=\"twitter:label2\" content=\"Est. reading time\" \/>\n\t<meta name=\"twitter:data2\" content=\"3 minutes\" \/>\n<script type=\"application\/ld+json\" class=\"yoast-schema-graph\">{\"@context\":\"https:\/\/schema.org\",\"@graph\":[{\"@type\":\"Article\",\"@id\":\"https:\/\/www.carandclassic.com\/magazine\/1969-citroen-id-20f-classified-of-the-week\/#article\",\"isPartOf\":{\"@id\":\"https:\/\/www.carandclassic.com\/magazine\/1969-citroen-id-20f-classified-of-the-week\/\"},\"author\":{\"name\":\"Car &amp; Classic\",\"@id\":\"https:\/\/www.carandclassic.com\/magazine\/#\/schema\/person\/9faf82502e956d89ea59bb842c637f39\"},\"headline\":\"1969 Citroen ID 20F &#8211; Classified of the Week\",\"datePublished\":\"2019-08-13T07:38:06+00:00\",\"dateModified\":\"2024-09-12T09:24:04+00:00\",\"mainEntityOfPage\":{\"@id\":\"https:\/\/www.carandclassic.com\/magazine\/1969-citroen-id-20f-classified-of-the-week\/\"},\"wordCount\":605,\"commentCount\":0,\"publisher\":{\"@id\":\"https:\/\/www.carandclassic.com\/magazine\/#organization\"},\"keywords\":[\"Break\",\"carandclassic\",\"carandclassic.co.uk\",\"Citroen\",\"Citroen DS\",\"Citr\u00f6en ID\",\"classified of the week\",\"DS\",\"ID\",\"Safari\"],\"articleSection\":[\"Classified of the Week\"],\"inLanguage\":\"en-US\",\"potentialAction\":[{\"@type\":\"CommentAction\",\"name\":\"Comment\",\"target\":[\"https:\/\/www.carandclassic.com\/magazine\/1969-citroen-id-20f-classified-of-the-week\/#respond\"]}]},{\"@type\":\"WebPage\",\"@id\":\"https:\/\/www.carandclassic.com\/magazine\/1969-citroen-id-20f-classified-of-the-week\/\",\"url\":\"https:\/\/www.carandclassic.com\/magazine\/1969-citroen-id-20f-classified-of-the-week\/\",\"name\":\"1969 Citroen ID 20F - Classified of the Week - Car &amp; Classic Magazine\",\"isPartOf\":{\"@id\":\"https:\/\/www.carandclassic.com\/magazine\/#website\"},\"datePublished\":\"2019-08-13T07:38:06+00:00\",\"dateModified\":\"2024-09-12T09:24:04+00:00\",\"description\":\"Need a classic that's beautiful, unique and more practical than a giant van? What you need, then, is this Citr\u00f6en ID Break...\",\"breadcrumb\":{\"@id\":\"https:\/\/www.carandclassic.com\/magazine\/1969-citroen-id-20f-classified-of-the-week\/#breadcrumb\"},\"inLanguage\":\"en-US\",\"potentialAction\":[{\"@type\":\"ReadAction\",\"target\":[\"https:\/\/www.carandclassic.com\/magazine\/1969-citroen-id-20f-classified-of-the-week\/\"]}]},{\"@type\":\"BreadcrumbList\",\"@id\":\"https:\/\/www.carandclassic.com\/magazine\/1969-citroen-id-20f-classified-of-the-week\/#breadcrumb\",\"itemListElement\":[{\"@type\":\"ListItem\",\"position\":1,\"name\":\"Home\",\"item\":\"https:\/\/www.carandclassic.com\/magazine\/\"},{\"@type\":\"ListItem\",\"position\":2,\"name\":\"1969 Citroen ID 20F &#8211; Classified of the Week\"}]},{\"@type\":\"WebSite\",\"@id\":\"https:\/\/www.carandclassic.com\/magazine\/#website\",\"url\":\"https:\/\/www.carandclassic.com\/magazine\/\",\"name\":\"Car &amp; Classic Magazine\",\"description\":\"The latest in the classic car world - articles, news, how to&#039;s, advice and more\",\"publisher\":{\"@id\":\"https:\/\/www.carandclassic.com\/magazine\/#organization\"},\"potentialAction\":[{\"@type\":\"SearchAction\",\"target\":{\"@type\":\"EntryPoint\",\"urlTemplate\":\"https:\/\/www.carandclassic.com\/magazine\/?s={search_term_string}\"},\"query-input\":\"required name=search_term_string\"}],\"inLanguage\":\"en-US\"},{\"@type\":\"Organization\",\"@id\":\"https:\/\/www.carandclassic.com\/magazine\/#organization\",\"name\":\"Car and Classic Limited\",\"url\":\"https:\/\/www.carandclassic.com\/magazine\/\",\"logo\":{\"@type\":\"ImageObject\",\"inLanguage\":\"en-US\",\"@id\":\"https:\/\/www.carandclassic.com\/magazine\/#\/schema\/logo\/image\/\",\"url\":\"https:\/\/www.carandclassic.co.uk\/magazine\/app\/uploads\/2019\/04\/Car-and-Classic-Square-Green-Background-Large.png\",\"contentUrl\":\"https:\/\/www.carandclassic.co.uk\/magazine\/app\/uploads\/2019\/04\/Car-and-Classic-Square-Green-Background-Large.png\",\"width\":4262,\"height\":3881,\"caption\":\"Car and Classic Limited\"},\"image\":{\"@id\":\"https:\/\/www.carandclassic.com\/magazine\/#\/schema\/logo\/image\/\"}},{\"@type\":\"Person\",\"@id\":\"https:\/\/www.carandclassic.com\/magazine\/#\/schema\/person\/9faf82502e956d89ea59bb842c637f39\",\"name\":\"Car &amp; Classic\",\"image\":{\"@type\":\"ImageObject\",\"inLanguage\":\"en-US\",\"@id\":\"https:\/\/www.carandclassic.com\/magazine\/#\/schema\/person\/image\/\",\"url\":\"https:\/\/secure.gravatar.com\/avatar\/df8ff943eb64ce998eeba2661f03a69a?s=96&d=mm&r=g\",\"contentUrl\":\"https:\/\/secure.gravatar.com\/avatar\/df8ff943eb64ce998eeba2661f03a69a?s=96&d=mm&r=g\",\"caption\":\"Car &amp; Classic\"},\"sameAs\":[\"http:\/\/www.carandclassic.com\"],\"url\":\"https:\/\/www.carandclassic.com\/magazine\/author\/car-and-classic\/\"}]}<\/script>\n<!-- \/ Yoast SEO plugin. -->","yoast_head_json":{"title":"1969 Citroen ID 20F - Classified of the Week - Car &amp; Classic Magazine","description":"Need a classic that's beautiful, unique and more practical than a giant van? What you need, then, is this Citr\u00f6en ID Break...","robots":{"index":"index","follow":"follow","max-snippet":"max-snippet:-1","max-image-preview":"max-image-preview:large","max-video-preview":"max-video-preview:-1"},"canonical":"https:\/\/www.carandclassic.com\/magazine\/1969-citroen-id-20f-classified-of-the-week\/","og_locale":"en_US","og_type":"article","og_title":"1969 Citroen ID 20F - Classified of the Week - Car &amp; Classic Magazine","og_description":"Need a classic that's beautiful, unique and more practical than a giant van? What you need, then, is this Citr\u00f6en ID Break...","og_url":"https:\/\/www.carandclassic.com\/magazine\/1969-citroen-id-20f-classified-of-the-week\/","og_site_name":"Car &amp; Classic Magazine","article_published_time":"2019-08-13T07:38:06+00:00","article_modified_time":"2024-09-12T09:24:04+00:00","og_image":[{"url":"https:\/\/www.carandclassic.com\/magazine\/app\/uploads\/2019\/08\/11904487.jpg","width":1200,"height":900,"type":"image\/jpeg"}],"author":"Car &amp; Classic","twitter_card":"summary_large_image","twitter_misc":{"Written by":"Car &amp; Classic","Est. reading time":"3 minutes"},"schema":{"@context":"https:\/\/schema.org","@graph":[{"@type":"Article","@id":"https:\/\/www.carandclassic.com\/magazine\/1969-citroen-id-20f-classified-of-the-week\/#article","isPartOf":{"@id":"https:\/\/www.carandclassic.com\/magazine\/1969-citroen-id-20f-classified-of-the-week\/"},"author":{"name":"Car &amp; Classic","@id":"https:\/\/www.carandclassic.com\/magazine\/#\/schema\/person\/9faf82502e956d89ea59bb842c637f39"},"headline":"1969 Citroen ID 20F &#8211; Classified of the Week","datePublished":"2019-08-13T07:38:06+00:00","dateModified":"2024-09-12T09:24:04+00:00","mainEntityOfPage":{"@id":"https:\/\/www.carandclassic.com\/magazine\/1969-citroen-id-20f-classified-of-the-week\/"},"wordCount":605,"commentCount":0,"publisher":{"@id":"https:\/\/www.carandclassic.com\/magazine\/#organization"},"keywords":["Break","carandclassic","carandclassic.co.uk","Citroen","Citroen DS","Citr\u00f6en ID","classified of the week","DS","ID","Safari"],"articleSection":["Classified of the Week"],"inLanguage":"en-US","potentialAction":[{"@type":"CommentAction","name":"Comment","target":["https:\/\/www.carandclassic.com\/magazine\/1969-citroen-id-20f-classified-of-the-week\/#respond"]}]},{"@type":"WebPage","@id":"https:\/\/www.carandclassic.com\/magazine\/1969-citroen-id-20f-classified-of-the-week\/","url":"https:\/\/www.carandclassic.com\/magazine\/1969-citroen-id-20f-classified-of-the-week\/","name":"1969 Citroen ID 20F - Classified of the Week - Car &amp; Classic Magazine","isPartOf":{"@id":"https:\/\/www.carandclassic.com\/magazine\/#website"},"datePublished":"2019-08-13T07:38:06+00:00","dateModified":"2024-09-12T09:24:04+00:00","description":"Need a classic that's beautiful, unique and more practical than a giant van? What you need, then, is this Citr\u00f6en ID Break...","breadcrumb":{"@id":"https:\/\/www.carandclassic.com\/magazine\/1969-citroen-id-20f-classified-of-the-week\/#breadcrumb"},"inLanguage":"en-US","potentialAction":[{"@type":"ReadAction","target":["https:\/\/www.carandclassic.com\/magazine\/1969-citroen-id-20f-classified-of-the-week\/"]}]},{"@type":"BreadcrumbList","@id":"https:\/\/www.carandclassic.com\/magazine\/1969-citroen-id-20f-classified-of-the-week\/#breadcrumb","itemListElement":[{"@type":"ListItem","position":1,"name":"Home","item":"https:\/\/www.carandclassic.com\/magazine\/"},{"@type":"ListItem","position":2,"name":"1969 Citroen ID 20F &#8211; Classified of the Week"}]},{"@type":"WebSite","@id":"https:\/\/www.carandclassic.com\/magazine\/#website","url":"https:\/\/www.carandclassic.com\/magazine\/","name":"Car &amp; Classic Magazine","description":"The latest in the classic car world - articles, news, how to&#039;s, advice and more","publisher":{"@id":"https:\/\/www.carandclassic.com\/magazine\/#organization"},"potentialAction":[{"@type":"SearchAction","target":{"@type":"EntryPoint","urlTemplate":"https:\/\/www.carandclassic.com\/magazine\/?s={search_term_string}"},"query-input":"required name=search_term_string"}],"inLanguage":"en-US"},{"@type":"Organization","@id":"https:\/\/www.carandclassic.com\/magazine\/#organization","name":"Car and Classic Limited","url":"https:\/\/www.carandclassic.com\/magazine\/","logo":{"@type":"ImageObject","inLanguage":"en-US","@id":"https:\/\/www.carandclassic.com\/magazine\/#\/schema\/logo\/image\/","url":"https:\/\/www.carandclassic.co.uk\/magazine\/app\/uploads\/2019\/04\/Car-and-Classic-Square-Green-Background-Large.png","contentUrl":"https:\/\/www.carandclassic.co.uk\/magazine\/app\/uploads\/2019\/04\/Car-and-Classic-Square-Green-Background-Large.png","width":4262,"height":3881,"caption":"Car and Classic Limited"},"image":{"@id":"https:\/\/www.carandclassic.com\/magazine\/#\/schema\/logo\/image\/"}},{"@type":"Person","@id":"https:\/\/www.carandclassic.com\/magazine\/#\/schema\/person\/9faf82502e956d89ea59bb842c637f39","name":"Car &amp; Classic","image":{"@type":"ImageObject","inLanguage":"en-US","@id":"https:\/\/www.carandclassic.com\/magazine\/#\/schema\/person\/image\/","url":"https:\/\/secure.gravatar.com\/avatar\/df8ff943eb64ce998eeba2661f03a69a?s=96&d=mm&r=g","contentUrl":"https:\/\/secure.gravatar.com\/avatar\/df8ff943eb64ce998eeba2661f03a69a?s=96&d=mm&r=g","caption":"Car &amp; Classic"},"sameAs":["http:\/\/www.carandclassic.com"],"url":"https:\/\/www.carandclassic.com\/magazine\/author\/car-and-classic\/"}]}},"_links":{"self":[{"href":"https:\/\/www.carandclassic.com\/magazine\/wp-json\/wp\/v2\/posts\/2274"}],"collection":[{"href":"https:\/\/www.carandclassic.com\/magazine\/wp-json\/wp\/v2\/posts"}],"about":[{"href":"https:\/\/www.carandclassic.com\/magazine\/wp-json\/wp\/v2\/types\/post"}],"author":[{"embeddable":true,"href":"https:\/\/www.carandclassic.com\/magazine\/wp-json\/wp\/v2\/users\/36"}],"replies":[{"embeddable":true,"href":"https:\/\/www.carandclassic.com\/magazine\/wp-json\/wp\/v2\/comments?post=2274"}],"version-history":[{"count":3,"href":"https:\/\/www.carandclassic.com\/magazine\/wp-json\/wp\/v2\/posts\/2274\/revisions"}],"predecessor-version":[{"id":31415,"href":"https:\/\/www.carandclassic.com\/magazine\/wp-json\/wp\/v2\/posts\/2274\/revisions\/31415"}],"wp:featuredmedia":[{"embeddable":true,"href":"https:\/\/www.carandclassic.com\/magazine\/wp-json\/wp\/v2\/media\/2275"}],"wp:attachment":[{"href":"https:\/\/www.carandclassic.com\/magazine\/wp-json\/wp\/v2\/media?parent=2274"}],"wp:term":[{"taxonomy":"category","embeddable":true,"href":"https:\/\/www.carandclassic.com\/magazine\/wp-json\/wp\/v2\/categories?post=2274"},{"taxonomy":"post_tag","embeddable":true,"href":"https:\/\/www.carandclassic.com\/magazine\/wp-json\/wp\/v2\/tags?post=2274"}],"curies":[{"name":"wp","href":"https:\/\/api.w.org\/{rel}","templated":true}]}}